{"id":2825,"date":"2021-03-31T12:06:00","date_gmt":"2021-03-31T16:06:00","guid":{"rendered":"https:\/\/legales.radionuevomundo.cl\/?p=2825"},"modified":"2021-04-01T12:10:19","modified_gmt":"2021-04-01T16:10:19","slug":"federacion-chilena-de-tenis-de-mesa-cita-a-asamblea-ordinaria-del-consejo-de-delegados-2do-semestre-2020","status":"publish","type":"post","link":"https:\/\/legales.radionuevomundo.cl\/?p=2825","title":{"rendered":"FEDERACI\u00d3N CHILENA DE TENIS DE MESA CITA A ASAMBLEA ORDINARIA DEL CONSEJO DE DELEGADOS 2DO. SEMESTRE 2020"},"content":{"rendered":"\n<p><em>Por acuerdo del H. Directorio, la Federaci\u00f3n Chilena de Tenis de Mesa, cita a los Presidentes de Asociaciones legalmente constituidas, a la <strong>Asamblea Ordinaria del Consejo de Delegados,<\/strong> a celebrarse el d\u00eda <strong>Martes 06 de Abril de 2021,<\/strong> a las <strong>18:15 hrs<\/strong>. <strong>en 1\u00aa citaci\u00f3n <\/strong>yen <strong>2\u00aa citaci\u00f3n a las 19:00 hrs<\/strong>., en la eventualidad que no exista qu\u00f3rum estatutario.<\/em><\/p>\n\n\n\n<p><em>Dicha sesi\u00f3n, debido a la pandemia que afecta al pa\u00eds, y seg\u00fan protocolo suministrado por el Instituto Nacional del Deporte, ser\u00e1 realizada v\u00eda la plataforma online ZOOM.<\/em><strong><u><\/u><\/strong><\/p>\n<div style=\"min-height: 30px;\"><a target=\"_blank\" rel=\"noindex,nofollow\" href=\"https:\/\/legales.radionuevomundo.cl\/?p=2825&#038;format=pdf\" title=\"Download PDF\"><img decoding=\"async\" style=\"float: left;max-width: 50px;\" alt=\"Download PDF\" src=\"https:\/\/legales.radionuevomundo.cl\/wp-content\/plugins\/wp-advanced-pdf-pro\/asset\/images\/pdf.png\"><\/a><\/div>","protected":false},"excerpt":{"rendered":"Por acuerdo del H. Directorio, la Federaci\u00f3n Chilena de Tenis de Mesa, cita a los Presidentes de Asociaciones legalmente constituidas, a la Asamblea Ordinaria del Consejo de Delegados, a celebrarse el d\u00eda Martes 06 de Abril de 2021, a las 18:15 hrs. en 1\u00aa citaci\u00f3n yen 2\u00aa citaci\u00f3n a las 19:00 hrs., en la eventualidad [&hellip;]","protected":false},"author":2,"featured_media":0,"comment_status":"closed","ping_status":"closed","sticky":false,"template":"","format":"standard","meta":{"footnotes":""},"categories":[7],"tags":[],"class_list":["post-2825","post","type-post","status-publish","format-standard","hentry","category-citaciones"],"_links":{"self":[{"href":"https:\/\/legales.radionuevomundo.cl\/index.php?rest_route=\/wp\/v2\/posts\/2825","targetHints":{"allow":["GET"]}}],"collection":[{"href":"https:\/\/legales.radionuevomundo.cl\/index.php?rest_route=\/wp\/v2\/posts"}],"about":[{"href":"https:\/\/legales.radionuevomundo.cl\/index.php?rest_route=\/wp\/v2\/types\/post"}],"author":[{"embeddable":true,"href":"https:\/\/legales.radionuevomundo.cl\/index.php?rest_route=\/wp\/v2\/users\/2"}],"replies":[{"embeddable":true,"href":"https:\/\/legales.radionuevomundo.cl\/index.php?rest_route=%2Fwp%2Fv2%2Fcomments&post=2825"}],"version-history":[{"count":1,"href":"https:\/\/legales.radionuevomundo.cl\/index.php?rest_route=\/wp\/v2\/posts\/2825\/revisions"}],"predecessor-version":[{"id":2826,"href":"https:\/\/legales.radionuevomundo.cl\/index.php?rest_route=\/wp\/v2\/posts\/2825\/revisions\/2826"}],"wp:attachment":[{"href":"https:\/\/legales.radionuevomundo.cl\/index.php?rest_route=%2Fwp%2Fv2%2Fmedia&parent=2825"}],"wp:term":[{"taxonomy":"category","embeddable":true,"href":"https:\/\/legales.radionuevomundo.cl\/index.php?rest_route=%2Fwp%2Fv2%2Fcategories&post=2825"},{"taxonomy":"post_tag","embeddable":true,"href":"https:\/\/legales.radionuevomundo.cl\/index.php?rest_route=%2Fwp%2Fv2%2Ftags&post=2825"}],"curies":[{"name":"wp","href":"https:\/\/api.w.org\/{rel}","templated":true}]}}